{"id":40872,"date":"2023-11-07T13:40:52","date_gmt":"2023-11-07T13:40:52","guid":{"rendered":"https:\/\/smartmessage.com\/?p=40872"},"modified":"2023-11-06T13:45:13","modified_gmt":"2023-11-06T13:45:13","slug":"markanizi-black-friday-donemine-nasil-hazirlayabilirsiniz","status":"publish","type":"post","link":"https:\/\/smartmessage.com\/tr\/blog-tr\/marka-pazarlamasi\/markanizi-black-friday-donemine-nasil-hazirlayabilirsiniz\/","title":{"rendered":"Markan\u0131z\u0131 Black Friday D\u00f6nemine Nas\u0131l Haz\u0131rlayabilirsiniz?"},"content":{"rendered":"<p><span style=\"font-weight: 400;\">Baz\u0131 \u00f6zel g\u00fcnler, markalar i\u00e7in \u00f6nemli kazan\u00e7 f\u0131rsatlar\u0131 yarat\u0131r. Bu tarihler aras\u0131ndaki Black Friday, d\u00fcnyan\u0131n farkl\u0131 yerlerinde \u00e2deta <\/span><i><span style=\"font-weight: 400;\">k\u00fcresel bir al\u0131\u015fveri\u015f festivaline<\/span><\/i><span style=\"font-weight: 400;\"> sahne olur. T\u00fcketiciler, markalar\u0131n y\u00fcksek oranlarda yapt\u0131\u011f\u0131 indirimler sayesinde ihtiya\u00e7lar\u0131n\u0131 daha makul fiyatlarla sat\u0131n al\u0131r. D\u00fczenledi\u011fi kampanyalarla dikkat \u00e7eken markalar ise T\u00fcrk\u00e7e\u2019ye Kara Cuma olarak \u00e7evrilen bu indirim g\u00fcn\u00fcnde kayda de\u011fer sat\u0131\u015flar yapar. Yaz\u0131n\u0131n devam\u0131nda sat\u0131\u015flar\u0131n\u0131z\u0131, cironuzu ve marka bilinirli\u011finizi art\u0131rma f\u0131rsat\u0131 veren bu d\u00f6neme y\u00f6nelik Black Friday kampanyalar\u0131 olu\u015fturmak i\u00e7in yapman\u0131z gerekenleri anlatt\u0131k.<\/span><\/p>\n<h2><b>Yeni Kampanya F\u0131rsatlar\u0131 Yaratabilece\u011finiz Black Friday Nedir?\u00a0<\/b><\/h2>\n<p><span style=\"font-weight: 400;\">Black Friday, Amerika halk\u0131n\u0131n k\u00fclt\u00fcrel bayram\u0131 olan \u015e\u00fckran G\u00fcn\u00fc\u2019nden sonra gelen ilk cuma g\u00fcn\u00fcd\u00fcr. \u015e\u00fckran G\u00fcn\u00fc, 1930\u2019lu y\u0131llardan bu bu yana Noel al\u0131\u015fveri\u015f sezonunun ba\u015flang\u0131c\u0131 olarak kabul edilir. Bu \u00f6zel tarihte markalar taraf\u0131ndan b\u00fcy\u00fck al\u0131\u015fveri\u015f indirimleri yap\u0131l\u0131r. Black Friday\u2019de ma\u011fazalar, erken saatlerde sat\u0131\u015fa ba\u015flar ve ge\u00e7 saatlere kadar a\u00e7\u0131k kal\u0131r. Kara Cuma\u2019da yap\u0131lan s\u00fcrpriz<\/span><b> indirimler, kampanyalar ve promosyonlar <\/b><span style=\"font-weight: 400;\">sayesinde hem t\u00fcketiciler hem de markalar avantaj elde eder.\u00a0<\/span><\/p>\n<h2><b>Markalar i\u00e7in Black Friday&#8217;in Avantajlar\u0131 Nelerdir?<\/b><\/h2>\n<p><span style=\"font-weight: 400;\">Markalar i\u00e7in Black Friday kampanyalar\u0131 olu\u015fturmak, pek \u00e7ok avantaj\u0131 beraberinde getirir. Bu \u00f6zel d\u00f6nemde sunulan indirimlerin ve \u00f6zel tekliflerin markalara sa\u011flad\u0131\u011f\u0131 faydalar \u015funlard\u0131r:<\/span><\/p>\n<ul>\n<li style=\"font-weight: 400;\" aria-level=\"1\"><span style=\"font-weight: 400;\">Stoklar\u0131 azaltma<\/span><\/li>\n<li style=\"font-weight: 400;\" aria-level=\"1\"><span style=\"font-weight: 400;\">Sat\u0131\u015flar\u0131 art\u0131rma<\/span><\/li>\n<li style=\"font-weight: 400;\" aria-level=\"1\"><span style=\"font-weight: 400;\">Rekabet g\u00fcc\u00fcn\u00fc koruma<\/span><\/li>\n<li style=\"font-weight: 400;\" aria-level=\"1\"><span style=\"font-weight: 400;\">Marka bilinirli\u011fini art\u0131rma<\/span><\/li>\n<li style=\"font-weight: 400;\" aria-level=\"1\"><span style=\"font-weight: 400;\">Yeni m\u00fc\u015fteriler kazanma<\/span><\/li>\n<\/ul>\n<p>&nbsp;<\/p>\n<p><span style=\"font-weight: 400;\">Black Friday, <\/span><i><span style=\"font-weight: 400;\">yarat\u0131c\u0131 pazarlama kampanyalar\u0131<\/span><\/i><span style=\"font-weight: 400;\"> ve etkinlikleri d\u00fczenlemek i\u00e7in uygun bir g\u00fcnd\u00fcr. Bu \u00f6zel tarihin co\u015fkusunu yans\u0131tan i\u00e7erikler haz\u0131rlad\u0131ktan sonra hedef kitlenize sosyal medya, e-posta, SMS ve di\u011fer dijital kanallar \u00fczerinden ula\u015fabilirsiniz.<\/span><\/p>\n<h2><b>Ba\u015far\u0131l\u0131 Bir Black Friday D\u00f6nemi i\u00e7in Kampanya Planlamas\u0131 Nas\u0131l Olmal\u0131d\u0131r?<\/b><\/h2>\n<p><span style=\"font-weight: 400;\">Bir Black Friday rehberine g\u00f6re hareket eden markalar, bu d\u00f6nemi en iyi \u015fekilde de\u011ferlendirebilir. Ba\u015far\u0131l\u0131 Black Friday kampanyalar\u0131 olu\u015fturmak i\u00e7in at\u0131lacak ilk ad\u0131m ise <\/span><b>hedefleri belirlemektir<\/b><span style=\"font-weight: 400;\">. \u00d6rne\u011fin temel hedefiniz, stoklar\u0131n\u0131z\u0131 azaltmak olabilir. Bu durumda \u00fcr\u00fcnlerin kalan stok miktarlar\u0131n\u0131 vurgulayabilir, hedef kitlenizde bir aciliyet hissi yaratabilirsiniz. Ard\u0131ndan s\u0131ra; \u00fcr\u00fcn ve stok y\u00f6netimi yapma, indirim stratejileri belirleme ve pazarlama kanallar\u0131n\u0131 optimize etme gibi ad\u0131mlara gelir.<\/span><\/p>\n<h3><span style=\"font-weight: 400;\">Sorunsuz Hizmet i\u00e7in \u00dcr\u00fcn ve Stok Y\u00f6netimi<\/span><\/h3>\n<p><span style=\"font-weight: 400;\">Black Friday kampanyalar\u0131 olu\u015fturmak i\u00e7in \u00fcr\u00fcn ve stok y\u00f6netimine \u00f6nem vermelisiniz. Etkili \u00fcr\u00fcn ve stok y\u00f6netimi, hedef kitlenizin <\/span><i><span style=\"font-weight: 400;\">taleplerini kesintisiz kar\u015f\u0131laman\u0131z\u0131<\/span><\/i><span style=\"font-weight: 400;\"> sa\u011flar. Stok seviyelerini optimal d\u00fczeyde tutmak, faaliyetlerinizi s\u00fcrekli h\u00e2le getirir. B\u00f6ylece Black Friday\u2019e haz\u0131rl\u0131ks\u0131z yakalanmazs\u0131n\u0131z. Bu noktada potansiyel m\u00fc\u015fterilerinizi stoklar\u0131n\u0131z hakk\u0131nda bilgilendirmeniz de \u00f6nemlidir. <\/span><a href=\"https:\/\/smartmessage.com\/tr\/platform\/urunler\/conversation-manager\/\"><span style=\"font-weight: 400;\">SmartMessage Conversation Manager<\/span><\/a><span style=\"font-weight: 400;\">, bu konuda size yard\u0131mc\u0131 olur. Yapay zek\u00e2 (Al) destekli chatbot arac\u0131l\u0131\u011f\u0131yla m\u00fc\u015fterilerinize stok durumunu otomatik olarak bildirmenizi sa\u011flar.\u00a0<\/span><\/p>\n<h3><span style=\"font-weight: 400;\">Cezbeden \u0130ndirim ve Promosyon Stratejileri<\/span><\/h3>\n<p><span style=\"font-weight: 400;\">Markalar, Black Friday promosyon haz\u0131rlama s\u00fcrecinde etkili stratejiler izleyerek ba\u015far\u0131l\u0131 sonu\u00e7lara ula\u015fabilir. \u00d6rne\u011fin \u00fccretsiz kargo ve hediye kartlar\u0131 gibi ek avantajlarla hedef kitlenizin ilgisini \u00e7ekebilirsiniz. Cazip indirimleri ve promosyonlar\u0131, <\/span><b>do\u011fru sunman\u0131z <\/b><span style=\"font-weight: 400;\">da olduk\u00e7a \u00f6nemlidir. Bunun i\u00e7in verilerin g\u00fcc\u00fcnden destek alabilirsiniz. Birden fazla kanaldan ayn\u0131 anda etkile\u015fim kurma f\u0131rsat\u0131 veren <\/span><a href=\"https:\/\/smartmessage.com\/tr\/platform\/urunler\/campaign-manager\/\"><span style=\"font-weight: 400;\">SmartMessage Campaign Manager<\/span><\/a><span style=\"font-weight: 400;\">, davran\u0131\u015fsal ve i\u015flemsel verilere g\u00f6re ilerlemenizi sa\u011flar. Veriye dayal\u0131 kampanyalar sayesinde hedef kitlenizle do\u011fru yerde, anda ve \u015fekilde temas etmeniz m\u00fcmk\u00fcn olur.\u00a0<\/span><\/p>\n<h3><span style=\"font-weight: 400;\">Do\u011fru Kitleye Etkili Ula\u015f\u0131m i\u00e7in Pazarlama Kanallar\u0131n\u0131n Optimize Edilmesi<\/span><\/h3>\n<p><span style=\"font-weight: 400;\">Ba\u015far\u0131l\u0131 Black Friday kampanyas\u0131 olu\u015fturmak i\u00e7in hedef kitlenizi belirlemeli ve pazarlama kanallar\u0131n\u0131 optimize etmelisiniz. Black Friday\u2019de <\/span><i><span style=\"font-weight: 400;\">do\u011fru kitleyle en uygun noktada temas etmek<\/span><\/i><span style=\"font-weight: 400;\"> i\u00e7in pazarlama otomasyonunu sa\u011flayabilirsiniz. Kampanya s\u00fcre\u00e7lerine ak\u0131\u015fkanl\u0131k kazand\u0131ran bu i\u015flem, farkl\u0131 beklentilere sahip m\u00fc\u015fterilerin yolculuklar\u0131 i\u00e7in \u00f6zel duraklar ve rotalar belirlemenize olanak tan\u0131r. <\/span><a href=\"https:\/\/smartmessage.com\/tr\/platform\/urunler\/journey-manager\/\"><span style=\"font-weight: 400;\">SmartMessage Journey Manager<\/span><\/a><span style=\"font-weight: 400;\">, kanallar aras\u0131 h\u00e2kimiyetinizi art\u0131rarak t\u00fcm temas noktalar\u0131n\u0131 etkin kullanman\u0131z\u0131 sa\u011flar. \u00d6rne\u011fin Black Friday kampanyas\u0131n\u0131 duyuran e-postan\u0131z a\u00e7\u0131lmam\u0131\u015f ise ayn\u0131 kullan\u0131c\u0131ya push bildirimi g\u00f6nderilerek mesaj\u0131n\u0131z iletilir.<\/span><\/p>\n<h2><b>Black Friday D\u00f6neminde M\u00fc\u015fteri Deneyimini \u0130yile\u015ftirme Y\u00f6ntemleri<\/b><\/h2>\n<p><span style=\"font-weight: 400;\">Hedeflerinize uygun Black Friday kampanyalar\u0131 olu\u015fturmak i\u00e7in pek \u00e7ok detaya dikkat etmelisiniz. Bunlar\u0131n ba\u015f\u0131nda elbette m\u00fc\u015fteri deneyimini iyile\u015ftirmek yer al\u0131r. Bu ama\u00e7 do\u011frultusunda hedef kitlenize kesintisiz hizmet sunman\u0131z olduk\u00e7a \u00f6nemlidir. Ayr\u0131ca m\u00fc\u015fterilerinizle<\/span><b> s\u00fcrekli etkile\u015fim<\/b><span style=\"font-weight: 400;\"> i\u00e7inde kalman\u0131z gerekir. Sat\u0131\u015f sonras\u0131 memnuniyet ad\u0131mlar\u0131n\u0131 da izleyerek Black Friday kampanya y\u00f6netimini ba\u015far\u0131yla tamamlayabilirsiniz.<\/span><\/p>\n<h3><span style=\"font-weight: 400;\">Kesintisiz Hizmet Sunun: Web Sitesi Performans\u0131 ve Y\u00fcksek Trafik D\u00f6nemleri<\/span><\/h3>\n<p><span style=\"font-weight: 400;\">Web sitesi performans\u0131, \u00f6zellikle y\u00fcksek trafik d\u00f6nemlerinde kullan\u0131c\u0131 deneyimini etkileyen kritik bir fakt\u00f6rd\u00fcr. \u00d6zel g\u00fcnler, kampanya d\u00f6nemleri ya da etkinlikler gibi y\u00fcksek talep zamanlar\u0131nda web sitenizin h\u0131zl\u0131 yan\u0131t vermesi ve kesintisiz hizmet sunmas\u0131 gerekir. Bu nedenle Black Friday kampanyalar\u0131 olu\u015ftururken web sitenizin<\/span><i><span style=\"font-weight: 400;\"> altyap\u0131s\u0131n\u0131 ve sunucu kapasitesini <\/span><\/i><span style=\"font-weight: 400;\">de bu aktif d\u00f6neme haz\u0131rlaman\u0131z \u00f6nemlidir.<\/span><\/p>\n<h3><span style=\"font-weight: 400;\">Ba\u011flant\u0131da Kal\u0131n: M\u00fc\u015fteri \u0130leti\u015fimi ve Destek Hizmetleri<\/span><\/h3>\n<p><span style=\"font-weight: 400;\">Black Friday kampanyas\u0131 haz\u0131rlama evresi, bu d\u00f6nem s\u00fcrerken hatta sona erse de devam eder. \u00d6rne\u011fin m\u00fc\u015fterileriniz, indirimler ve promosyonlar hakk\u0131nda sizden detayl\u0131 bilgi almak isteyebilir. Ayr\u0131ca sat\u0131n alma i\u015fleminin ard\u0131ndan size baz\u0131 geri bildirimlerde bulunabilir. Bu <\/span><b>ileti\u015fim taleplerine kesintisiz yan\u0131t vererek<\/b><span style=\"font-weight: 400;\"> m\u00fc\u015fteri deneyimini ve markan\u0131z\u0131n itibar\u0131n\u0131 koruyabilirsiniz.<\/span><\/p>\n<h3><span style=\"font-weight: 400;\">Sat\u0131\u015f Sonras\u0131 Memnuniyet: Lojistik ve Teslimat S\u00fcre\u00e7lerinin Y\u00f6netimi<\/span><\/h3>\n<p><span style=\"font-weight: 400;\">Black Friday d\u00f6neminde sat\u0131\u015f sonras\u0131 memnuniyet, <\/span><i><span style=\"font-weight: 400;\">m\u00fc\u015fteri sadakati ve marka prestiji <\/span><\/i><span style=\"font-weight: 400;\">a\u00e7\u0131s\u0131ndan olduk\u00e7a \u00f6nemlidir. Bu de\u011ferleri korumak i\u00e7in lojistik ve teslimat s\u00fcre\u00e7lerini etkin y\u00f6netmelisiniz. \u00d6rne\u011fin h\u0131zl\u0131 ve g\u00fcvenilir teslimatlar, m\u00fc\u015fterilerinizi memnun eder. Bu nedenle lojistik zincirinizi optimize etmeli ve envanteri verimli bir \u015fekilde y\u00f6netmelisiniz. Teslimat s\u00fcre\u00e7lerini izlemek ise m\u00fc\u015fteriye ger\u00e7ek zamanl\u0131 bilgi sa\u011flamay\u0131 ve sorunlar\u0131 h\u0131zla \u00e7\u00f6zmeyi m\u00fcmk\u00fcn k\u0131lar.\u00a0<\/span><\/p>\n<h2><b>Kitlenize Y\u00f6nelik Kampanyalar ile Black Friday\u2019de Hedeflerinize Ula\u015f\u0131n!<\/b><\/h2>\n<p><span style=\"font-weight: 400;\">Yarat\u0131c\u0131 Black Friday kampanya fikirleri, verinin ve otomasyonun g\u00fcc\u00fcyle potansiyeline ula\u015f\u0131r. Bu sayede do\u011frudan hedef kitlenize hitap eden ve do\u011fru kanallarda y\u00fcr\u00fct\u00fclen Kara Cuma kampanyalar\u0131 haz\u0131rlaman\u0131z m\u00fcmk\u00fcn olur. <\/span><b>Davran\u0131\u015fsal segmentasyon<\/b><span style=\"font-weight: 400;\"> sa\u011flayan <\/span><a href=\"https:\/\/smartmessage.com\/tr\/platform\/urunler\/audience-manager\/\"><span style=\"font-weight: 400;\">SmartMessage Audience Manager<\/span><\/a><span style=\"font-weight: 400;\">, farkl\u0131 kaynaklardan toplanan verileri birle\u015fik m\u00fc\u015fteri profillerine d\u00f6n\u00fc\u015ft\u00fcr\u00fcr. B\u00f6ylece Black Friday indirimlerinizi, hedef kitlenize ki\u015fiselle\u015ftirilmi\u015f mesajlarla duyurman\u0131za olanak tan\u0131r. SmartMessage\u2019\u0131n farkl\u0131 ama\u00e7lara hizmet eden Audience Manager, Campaign Manager, Journey Manager ve Conversation Manager \u00e7\u00f6z\u00fcmleriyle Black Friday\u2019de hedeflerinize ula\u015fabilirsiniz.<\/span><\/p>\n<div class=\"hs-cta-embed hs-cta-simple-placeholder hs-cta-embed-84294991298\"\n  style=\"max-width:100%; max-height:100%; width:800px;height:259px\" data-hubspot-wrapper-cta-id=\"84294991298\"><br \/>\n  <a href=\"https:\/\/cta-eu1.hubspot.com\/web-interactives\/public\/v1\/track\/redirect?encryptedPayload=AVxigLIaaLFvexYBMAs4KZy5mLCplseMFoqJ4Gwh1cNfdXanhcfvBCZf5dJ1jeLrZYOpBqeeUkwu61ee579Jdi%2FMFlj%2FjU%2FpzXwlRkQdC%2FcRKBc0Zd45kVUIPFdrN8HVmA1TAHzeg2%2BhxOVbKDztquOGBALzBinm17x5wt%2F%2BIYtZaunMdrVotqOexQ%3D%3D&#038;webInteractiveContentId=84294991298&#038;portalId=25324306\" target=\"_blank\" rel=\"noopener\" crossorigin=\"anonymous\"><br \/>\n    <img decoding=\"async\" alt=\"CTA-TR\" loading=\"lazy\" src=\"https:\/\/hubspot-no-cache-eu1-prod.s3.amazonaws.com\/cta\/default\/25324306\/interactive-84294991298.png\" style=\"height: 100%; width: 100%; object-fit: fill\"\n      onerror=\"this.style.display='none'\" \/><br \/>\n  <\/a>\n<\/div>\n","protected":false},"excerpt":{"rendered":"<p>Baz\u0131 \u00f6zel g\u00fcnler, markalar i\u00e7in \u00f6nemli kazan\u00e7 f\u0131rsatlar\u0131 yarat\u0131r. Bu tarihler aras\u0131ndaki Black Friday, d\u00fcnyan\u0131n&#8230;<\/p>\n","protected":false},"author":2,"featured_media":40868,"comment_status":"closed","ping_status":"closed","sticky":false,"template":"","format":"standard","meta":{"content-type":"","footnotes":""},"categories":[506],"tags":[],"class_list":{"0":"post-40872","1":"post","2":"type-post","3":"status-publish","4":"format-standard","5":"has-post-thumbnail","7":"category-marka-pazarlamasi"},"yoast_head":"<!-- This site is optimized with the Yoast SEO plugin v24.2 - https:\/\/yoast.com\/wordpress\/plugins\/seo\/ -->\n<title>Markan\u0131z\u0131 Black Friday D\u00f6nemine Nas\u0131l Haz\u0131rlayabilirsiniz? | SmartMessage<\/title>\n<meta name=\"description\" content=\"Markalar\u0131n\u0131z\u0131 black friday d\u00f6nemine nas\u0131l haz\u0131rlayabilece\u011finize dair t\u00fcm t\u00fcyolar bu yaz\u0131m\u0131zda! Hemen sitemizi ziyaret edin ve inceleyin!\" \/>\n<meta name=\"robots\" content=\"index, follow, max-snippet:-1, max-image-preview:large, max-video-preview:-1\" \/>\n<link rel=\"canonical\" href=\"https:\/\/smartmessage.com\/tr\/blog-tr\/marka-pazarlamasi\/markanizi-black-friday-donemine-nasil-hazirlayabilirsiniz\/\" \/>\n<meta property=\"og:locale\" content=\"tr_TR\" \/>\n<meta property=\"og:type\" content=\"article\" \/>\n<meta property=\"og:title\" content=\"Markan\u0131z\u0131 Black Friday D\u00f6nemine Nas\u0131l Haz\u0131rlayabilirsiniz? | SmartMessage\" \/>\n<meta property=\"og:description\" content=\"Markalar\u0131n\u0131z\u0131 black friday d\u00f6nemine nas\u0131l haz\u0131rlayabilece\u011finize dair t\u00fcm t\u00fcyolar bu yaz\u0131m\u0131zda! Hemen sitemizi ziyaret edin ve inceleyin!\" \/>\n<meta property=\"og:url\" content=\"https:\/\/smartmessage.com\/tr\/blog-tr\/marka-pazarlamasi\/markanizi-black-friday-donemine-nasil-hazirlayabilirsiniz\/\" \/>\n<meta property=\"og:site_name\" content=\"SmartMessage\" \/>\n<meta property=\"article:published_time\" content=\"2023-11-07T13:40:52+00:00\" \/>\n<meta property=\"article:modified_time\" content=\"2023-11-06T13:45:13+00:00\" \/>\n<meta property=\"og:image\" content=\"https:\/\/smartmessage.com\/wp-content\/uploads\/2023\/11\/6-Black-friday-1.jpg\" \/>\n\t<meta property=\"og:image:width\" content=\"1920\" \/>\n\t<meta property=\"og:image:height\" content=\"1080\" \/>\n\t<meta property=\"og:image:type\" content=\"image\/jpeg\" \/>\n<meta name=\"author\" content=\"Alara Toprak\" \/>\n<meta name=\"twitter:card\" content=\"summary_large_image\" \/>\n<meta name=\"twitter:label1\" content=\"Yazan:\" \/>\n\t<meta name=\"twitter:data1\" content=\"Alara Toprak\" \/>\n\t<meta name=\"twitter:label2\" content=\"Tahmini okuma s\u00fcresi\" \/>\n\t<meta name=\"twitter:data2\" content=\"4 dakika\" \/>\n<script type=\"application\/ld+json\" class=\"yoast-schema-graph\">{\"@context\":\"https:\/\/schema.org\",\"@graph\":[{\"@type\":\"Article\",\"@id\":\"https:\/\/smartmessage.com\/tr\/blog-tr\/marka-pazarlamasi\/markanizi-black-friday-donemine-nasil-hazirlayabilirsiniz\/#article\",\"isPartOf\":{\"@id\":\"https:\/\/smartmessage.com\/tr\/blog-tr\/marka-pazarlamasi\/markanizi-black-friday-donemine-nasil-hazirlayabilirsiniz\/\"},\"author\":{\"name\":\"Alara Toprak\",\"@id\":\"https:\/\/smartmessage.com\/#\/schema\/person\/2794035784f5c2617b98230ebc669c93\"},\"headline\":\"Markan\u0131z\u0131 Black Friday D\u00f6nemine Nas\u0131l Haz\u0131rlayabilirsiniz?\",\"datePublished\":\"2023-11-07T13:40:52+00:00\",\"dateModified\":\"2023-11-06T13:45:13+00:00\",\"mainEntityOfPage\":{\"@id\":\"https:\/\/smartmessage.com\/tr\/blog-tr\/marka-pazarlamasi\/markanizi-black-friday-donemine-nasil-hazirlayabilirsiniz\/\"},\"wordCount\":1204,\"publisher\":{\"@id\":\"https:\/\/smartmessage.com\/#organization\"},\"image\":{\"@id\":\"https:\/\/smartmessage.com\/tr\/blog-tr\/marka-pazarlamasi\/markanizi-black-friday-donemine-nasil-hazirlayabilirsiniz\/#primaryimage\"},\"thumbnailUrl\":\"https:\/\/smartmessage.com\/wp-content\/uploads\/2023\/11\/6-Black-friday-1.jpg\",\"articleSection\":[\"Marka Pazarlamas\u0131\"],\"inLanguage\":\"tr\"},{\"@type\":\"WebPage\",\"@id\":\"https:\/\/smartmessage.com\/tr\/blog-tr\/marka-pazarlamasi\/markanizi-black-friday-donemine-nasil-hazirlayabilirsiniz\/\",\"url\":\"https:\/\/smartmessage.com\/tr\/blog-tr\/marka-pazarlamasi\/markanizi-black-friday-donemine-nasil-hazirlayabilirsiniz\/\",\"name\":\"Markan\u0131z\u0131 Black Friday D\u00f6nemine Nas\u0131l Haz\u0131rlayabilirsiniz? | SmartMessage\",\"isPartOf\":{\"@id\":\"https:\/\/smartmessage.com\/#website\"},\"primaryImageOfPage\":{\"@id\":\"https:\/\/smartmessage.com\/tr\/blog-tr\/marka-pazarlamasi\/markanizi-black-friday-donemine-nasil-hazirlayabilirsiniz\/#primaryimage\"},\"image\":{\"@id\":\"https:\/\/smartmessage.com\/tr\/blog-tr\/marka-pazarlamasi\/markanizi-black-friday-donemine-nasil-hazirlayabilirsiniz\/#primaryimage\"},\"thumbnailUrl\":\"https:\/\/smartmessage.com\/wp-content\/uploads\/2023\/11\/6-Black-friday-1.jpg\",\"datePublished\":\"2023-11-07T13:40:52+00:00\",\"dateModified\":\"2023-11-06T13:45:13+00:00\",\"description\":\"Markalar\u0131n\u0131z\u0131 black friday d\u00f6nemine nas\u0131l haz\u0131rlayabilece\u011finize dair t\u00fcm t\u00fcyolar bu yaz\u0131m\u0131zda! Hemen sitemizi ziyaret edin ve inceleyin!\",\"breadcrumb\":{\"@id\":\"https:\/\/smartmessage.com\/tr\/blog-tr\/marka-pazarlamasi\/markanizi-black-friday-donemine-nasil-hazirlayabilirsiniz\/#breadcrumb\"},\"inLanguage\":\"tr\",\"potentialAction\":[{\"@type\":\"ReadAction\",\"target\":[\"https:\/\/smartmessage.com\/tr\/blog-tr\/marka-pazarlamasi\/markanizi-black-friday-donemine-nasil-hazirlayabilirsiniz\/\"]}]},{\"@type\":\"ImageObject\",\"inLanguage\":\"tr\",\"@id\":\"https:\/\/smartmessage.com\/tr\/blog-tr\/marka-pazarlamasi\/markanizi-black-friday-donemine-nasil-hazirlayabilirsiniz\/#primaryimage\",\"url\":\"https:\/\/smartmessage.com\/wp-content\/uploads\/2023\/11\/6-Black-friday-1.jpg\",\"contentUrl\":\"https:\/\/smartmessage.com\/wp-content\/uploads\/2023\/11\/6-Black-friday-1.jpg\",\"width\":1920,\"height\":1080},{\"@type\":\"BreadcrumbList\",\"@id\":\"https:\/\/smartmessage.com\/tr\/blog-tr\/marka-pazarlamasi\/markanizi-black-friday-donemine-nasil-hazirlayabilirsiniz\/#breadcrumb\",\"itemListElement\":[{\"@type\":\"ListItem\",\"position\":1,\"name\":\"Home\",\"item\":\"https:\/\/smartmessage.com\/tr\/\"},{\"@type\":\"ListItem\",\"position\":2,\"name\":\"Blog\",\"item\":\"https:\/\/smartmessage.com\/tr\/blog-tr\/\"},{\"@type\":\"ListItem\",\"position\":3,\"name\":\"Marka Pazarlamas\u0131\",\"item\":\"https:\/\/smartmessage.com\/tr\/blog-tr\/marka-pazarlamasi\/\"},{\"@type\":\"ListItem\",\"position\":4,\"name\":\"Markan\u0131z\u0131 Black Friday D\u00f6nemine Nas\u0131l Haz\u0131rlayabilirsiniz?\"}]},{\"@type\":\"WebSite\",\"@id\":\"https:\/\/smartmessage.com\/#website\",\"url\":\"https:\/\/smartmessage.com\/\",\"name\":\"SmartMessage\",\"description\":\"Omnichannel Marketing and Customer Experience\",\"publisher\":{\"@id\":\"https:\/\/smartmessage.com\/#organization\"},\"potentialAction\":[{\"@type\":\"SearchAction\",\"target\":{\"@type\":\"EntryPoint\",\"urlTemplate\":\"https:\/\/smartmessage.com\/?s={search_term_string}\"},\"query-input\":{\"@type\":\"PropertyValueSpecification\",\"valueRequired\":true,\"valueName\":\"search_term_string\"}}],\"inLanguage\":\"tr\"},{\"@type\":\"Organization\",\"@id\":\"https:\/\/smartmessage.com\/#organization\",\"name\":\"SmartMessage\",\"url\":\"https:\/\/smartmessage.com\/\",\"logo\":{\"@type\":\"ImageObject\",\"inLanguage\":\"tr\",\"@id\":\"https:\/\/smartmessage.com\/#\/schema\/logo\/image\/\",\"url\":\"https:\/\/smartmessage.com\/wp-content\/uploads\/2023\/02\/smartmessage-logo-white.png\",\"contentUrl\":\"https:\/\/smartmessage.com\/wp-content\/uploads\/2023\/02\/smartmessage-logo-white.png\",\"width\":2000,\"height\":499,\"caption\":\"SmartMessage\"},\"image\":{\"@id\":\"https:\/\/smartmessage.com\/#\/schema\/logo\/image\/\"}},{\"@type\":\"Person\",\"@id\":\"https:\/\/smartmessage.com\/#\/schema\/person\/2794035784f5c2617b98230ebc669c93\",\"name\":\"Alara Toprak\",\"url\":\"https:\/\/smartmessage.com\/tr\/author\/alara\/\"}]}<\/script>\n<!-- \/ Yoast SEO plugin. -->","yoast_head_json":{"title":"Markan\u0131z\u0131 Black Friday D\u00f6nemine Nas\u0131l Haz\u0131rlayabilirsiniz? | SmartMessage","description":"Markalar\u0131n\u0131z\u0131 black friday d\u00f6nemine nas\u0131l haz\u0131rlayabilece\u011finize dair t\u00fcm t\u00fcyolar bu yaz\u0131m\u0131zda! Hemen sitemizi ziyaret edin ve inceleyin!","robots":{"index":"index","follow":"follow","max-snippet":"max-snippet:-1","max-image-preview":"max-image-preview:large","max-video-preview":"max-video-preview:-1"},"canonical":"https:\/\/smartmessage.com\/tr\/blog-tr\/marka-pazarlamasi\/markanizi-black-friday-donemine-nasil-hazirlayabilirsiniz\/","og_locale":"tr_TR","og_type":"article","og_title":"Markan\u0131z\u0131 Black Friday D\u00f6nemine Nas\u0131l Haz\u0131rlayabilirsiniz? | SmartMessage","og_description":"Markalar\u0131n\u0131z\u0131 black friday d\u00f6nemine nas\u0131l haz\u0131rlayabilece\u011finize dair t\u00fcm t\u00fcyolar bu yaz\u0131m\u0131zda! Hemen sitemizi ziyaret edin ve inceleyin!","og_url":"https:\/\/smartmessage.com\/tr\/blog-tr\/marka-pazarlamasi\/markanizi-black-friday-donemine-nasil-hazirlayabilirsiniz\/","og_site_name":"SmartMessage","article_published_time":"2023-11-07T13:40:52+00:00","article_modified_time":"2023-11-06T13:45:13+00:00","og_image":[{"width":1920,"height":1080,"url":"https:\/\/smartmessage.com\/wp-content\/uploads\/2023\/11\/6-Black-friday-1.jpg","type":"image\/jpeg"}],"author":"Alara Toprak","twitter_card":"summary_large_image","twitter_misc":{"Yazan:":"Alara Toprak","Tahmini okuma s\u00fcresi":"4 dakika"},"schema":{"@context":"https:\/\/schema.org","@graph":[{"@type":"Article","@id":"https:\/\/smartmessage.com\/tr\/blog-tr\/marka-pazarlamasi\/markanizi-black-friday-donemine-nasil-hazirlayabilirsiniz\/#article","isPartOf":{"@id":"https:\/\/smartmessage.com\/tr\/blog-tr\/marka-pazarlamasi\/markanizi-black-friday-donemine-nasil-hazirlayabilirsiniz\/"},"author":{"name":"Alara Toprak","@id":"https:\/\/smartmessage.com\/#\/schema\/person\/2794035784f5c2617b98230ebc669c93"},"headline":"Markan\u0131z\u0131 Black Friday D\u00f6nemine Nas\u0131l Haz\u0131rlayabilirsiniz?","datePublished":"2023-11-07T13:40:52+00:00","dateModified":"2023-11-06T13:45:13+00:00","mainEntityOfPage":{"@id":"https:\/\/smartmessage.com\/tr\/blog-tr\/marka-pazarlamasi\/markanizi-black-friday-donemine-nasil-hazirlayabilirsiniz\/"},"wordCount":1204,"publisher":{"@id":"https:\/\/smartmessage.com\/#organization"},"image":{"@id":"https:\/\/smartmessage.com\/tr\/blog-tr\/marka-pazarlamasi\/markanizi-black-friday-donemine-nasil-hazirlayabilirsiniz\/#primaryimage"},"thumbnailUrl":"https:\/\/smartmessage.com\/wp-content\/uploads\/2023\/11\/6-Black-friday-1.jpg","articleSection":["Marka Pazarlamas\u0131"],"inLanguage":"tr"},{"@type":"WebPage","@id":"https:\/\/smartmessage.com\/tr\/blog-tr\/marka-pazarlamasi\/markanizi-black-friday-donemine-nasil-hazirlayabilirsiniz\/","url":"https:\/\/smartmessage.com\/tr\/blog-tr\/marka-pazarlamasi\/markanizi-black-friday-donemine-nasil-hazirlayabilirsiniz\/","name":"Markan\u0131z\u0131 Black Friday D\u00f6nemine Nas\u0131l Haz\u0131rlayabilirsiniz? | SmartMessage","isPartOf":{"@id":"https:\/\/smartmessage.com\/#website"},"primaryImageOfPage":{"@id":"https:\/\/smartmessage.com\/tr\/blog-tr\/marka-pazarlamasi\/markanizi-black-friday-donemine-nasil-hazirlayabilirsiniz\/#primaryimage"},"image":{"@id":"https:\/\/smartmessage.com\/tr\/blog-tr\/marka-pazarlamasi\/markanizi-black-friday-donemine-nasil-hazirlayabilirsiniz\/#primaryimage"},"thumbnailUrl":"https:\/\/smartmessage.com\/wp-content\/uploads\/2023\/11\/6-Black-friday-1.jpg","datePublished":"2023-11-07T13:40:52+00:00","dateModified":"2023-11-06T13:45:13+00:00","description":"Markalar\u0131n\u0131z\u0131 black friday d\u00f6nemine nas\u0131l haz\u0131rlayabilece\u011finize dair t\u00fcm t\u00fcyolar bu yaz\u0131m\u0131zda! Hemen sitemizi ziyaret edin ve inceleyin!","breadcrumb":{"@id":"https:\/\/smartmessage.com\/tr\/blog-tr\/marka-pazarlamasi\/markanizi-black-friday-donemine-nasil-hazirlayabilirsiniz\/#breadcrumb"},"inLanguage":"tr","potentialAction":[{"@type":"ReadAction","target":["https:\/\/smartmessage.com\/tr\/blog-tr\/marka-pazarlamasi\/markanizi-black-friday-donemine-nasil-hazirlayabilirsiniz\/"]}]},{"@type":"ImageObject","inLanguage":"tr","@id":"https:\/\/smartmessage.com\/tr\/blog-tr\/marka-pazarlamasi\/markanizi-black-friday-donemine-nasil-hazirlayabilirsiniz\/#primaryimage","url":"https:\/\/smartmessage.com\/wp-content\/uploads\/2023\/11\/6-Black-friday-1.jpg","contentUrl":"https:\/\/smartmessage.com\/wp-content\/uploads\/2023\/11\/6-Black-friday-1.jpg","width":1920,"height":1080},{"@type":"BreadcrumbList","@id":"https:\/\/smartmessage.com\/tr\/blog-tr\/marka-pazarlamasi\/markanizi-black-friday-donemine-nasil-hazirlayabilirsiniz\/#breadcrumb","itemListElement":[{"@type":"ListItem","position":1,"name":"Home","item":"https:\/\/smartmessage.com\/tr\/"},{"@type":"ListItem","position":2,"name":"Blog","item":"https:\/\/smartmessage.com\/tr\/blog-tr\/"},{"@type":"ListItem","position":3,"name":"Marka Pazarlamas\u0131","item":"https:\/\/smartmessage.com\/tr\/blog-tr\/marka-pazarlamasi\/"},{"@type":"ListItem","position":4,"name":"Markan\u0131z\u0131 Black Friday D\u00f6nemine Nas\u0131l Haz\u0131rlayabilirsiniz?"}]},{"@type":"WebSite","@id":"https:\/\/smartmessage.com\/#website","url":"https:\/\/smartmessage.com\/","name":"SmartMessage","description":"Omnichannel Marketing and Customer Experience","publisher":{"@id":"https:\/\/smartmessage.com\/#organization"},"potentialAction":[{"@type":"SearchAction","target":{"@type":"EntryPoint","urlTemplate":"https:\/\/smartmessage.com\/?s={search_term_string}"},"query-input":{"@type":"PropertyValueSpecification","valueRequired":true,"valueName":"search_term_string"}}],"inLanguage":"tr"},{"@type":"Organization","@id":"https:\/\/smartmessage.com\/#organization","name":"SmartMessage","url":"https:\/\/smartmessage.com\/","logo":{"@type":"ImageObject","inLanguage":"tr","@id":"https:\/\/smartmessage.com\/#\/schema\/logo\/image\/","url":"https:\/\/smartmessage.com\/wp-content\/uploads\/2023\/02\/smartmessage-logo-white.png","contentUrl":"https:\/\/smartmessage.com\/wp-content\/uploads\/2023\/02\/smartmessage-logo-white.png","width":2000,"height":499,"caption":"SmartMessage"},"image":{"@id":"https:\/\/smartmessage.com\/#\/schema\/logo\/image\/"}},{"@type":"Person","@id":"https:\/\/smartmessage.com\/#\/schema\/person\/2794035784f5c2617b98230ebc669c93","name":"Alara Toprak","url":"https:\/\/smartmessage.com\/tr\/author\/alara\/"}]}},"_links":{"self":[{"href":"https:\/\/smartmessage.com\/tr\/wp-json\/wp\/v2\/posts\/40872","targetHints":{"allow":["GET"]}}],"collection":[{"href":"https:\/\/smartmessage.com\/tr\/wp-json\/wp\/v2\/posts"}],"about":[{"href":"https:\/\/smartmessage.com\/tr\/wp-json\/wp\/v2\/types\/post"}],"author":[{"embeddable":true,"href":"https:\/\/smartmessage.com\/tr\/wp-json\/wp\/v2\/users\/2"}],"replies":[{"embeddable":true,"href":"https:\/\/smartmessage.com\/tr\/wp-json\/wp\/v2\/comments?post=40872"}],"version-history":[{"count":1,"href":"https:\/\/smartmessage.com\/tr\/wp-json\/wp\/v2\/posts\/40872\/revisions"}],"predecessor-version":[{"id":40873,"href":"https:\/\/smartmessage.com\/tr\/wp-json\/wp\/v2\/posts\/40872\/revisions\/40873"}],"wp:featuredmedia":[{"embeddable":true,"href":"https:\/\/smartmessage.com\/tr\/wp-json\/wp\/v2\/media\/40868"}],"wp:attachment":[{"href":"https:\/\/smartmessage.com\/tr\/wp-json\/wp\/v2\/media?parent=40872"}],"wp:term":[{"taxonomy":"category","embeddable":true,"href":"https:\/\/smartmessage.com\/tr\/wp-json\/wp\/v2\/categories?post=40872"},{"taxonomy":"post_tag","embeddable":true,"href":"https:\/\/smartmessage.com\/tr\/wp-json\/wp\/v2\/tags?post=40872"}],"curies":[{"name":"wp","href":"https:\/\/api.w.org\/{rel}","templated":true}]}}